
{"id":2271,"date":"2021-08-23T08:53:31","date_gmt":"2021-08-23T06:53:31","guid":{"rendered":"https:\/\/smorasstats.com\/v4\/?p=2271"},"modified":"2021-08-23T08:53:35","modified_gmt":"2021-08-23T06:53:35","slug":"god-start-for-b-laget","status":"publish","type":"post","link":"https:\/\/smorasstats.com\/v4\/2021\/08\/23\/god-start-for-b-laget\/","title":{"rendered":"God start for B-laget"},"content":{"rendered":"\n<p>Etter halvannet \u00e5r uten seriespill var det endelig klart for en tellende kamp for B-laget igjen hjemme mot Bjarg 2. For fulle tribuner og med str\u00e5lende sommerv\u00e6r tok B-laget sin f\u00f8rste seier siden 5-1 seieren hjemme mot Fri i serieavslutningen 2019.<\/p>\n\n\n\n<h2 class=\"wp-block-heading\">Laget<\/h2>\n\n\n\n<p>Brage Yndesdal, <br>H\u00e5vard Nesse, Tobias, Ole Petter, Ricardo, <br>Fabian, Svahn, Noah, Andreas, Tom<br>Hussein<br><br>Innbyttere: <br>Saleban, Olve, Edvard, \u00d8rjan, Rene, Jonatan, Marco<br><\/p>\n\n\n\n<p>Etter solid press fra Bjarg det f\u00f8rste kvarteret, tok B laget mer over, og noen minutter f\u00f8r pause stanget innbytter og spillende fysio Jonatan inn en corner fra Noah opp i nettaket til 1-0. <\/p>\n\n\n\n<figure class=\"wp-block-image size-full\"><img loading=\"lazy\" decoding=\"async\" width=\"960\" height=\"720\" src=\"https:\/\/smorasstats.com\/v4\/wp-content\/uploads\/2021\/08\/smoras2-bjarg2-23-8-2021.jpeg\" alt=\"\" class=\"wp-image-2273\" srcset=\"https:\/\/smorasstats.com\/v4\/wp-content\/uploads\/2021\/08\/smoras2-bjarg2-23-8-2021.jpeg 960w, https:\/\/smorasstats.com\/v4\/wp-content\/uploads\/2021\/08\/smoras2-bjarg2-23-8-2021-300x225.jpeg 300w, https:\/\/smorasstats.com\/v4\/wp-content\/uploads\/2021\/08\/smoras2-bjarg2-23-8-2021-768x576.jpeg 768w, https:\/\/smorasstats.com\/v4\/wp-content\/uploads\/2021\/08\/smoras2-bjarg2-23-8-2021-320x240.jpeg 320w, https:\/\/smorasstats.com\/v4\/wp-content\/uploads\/2021\/08\/smoras2-bjarg2-23-8-2021-800x600.jpeg 800w\" sizes=\"auto, (max-width: 960px) 100vw, 960px\" \/><figcaption>Kilde: Sm\u00f8r\u00e5s IL<\/figcaption><\/figure>\n","protected":false},"excerpt":{"rendered":"<p>Etter halvannet \u00e5r uten seriespill var det endelig klart for en tellende kamp for B-laget igjen hjemme mot Bjarg 2. For fulle tribuner og med str\u00e5lende sommerv\u00e6r tok B-laget sin f\u00f8rste seier siden 5-1 seieren hjemme mot Fri i serieavslutningen 2019. Laget Brage Yndesdal, H\u00e5vard Nesse, Tobias, Ole Petter, Ricardo,&#8230;<\/p>\n","protected":false},"author":1,"featured_media":2273,"comment_status":"open","ping_status":"open","sticky":false,"template":"","format":"standard","meta":{"_acf_changed":false,"footnotes":""},"categories":[6],"tags":[],"class_list":["post-2271","post","type-post","status-publish","format-standard","has-post-thumbnail","hentry","category-b-laget"],"acf":[],"_links":{"self":[{"href":"https:\/\/smorasstats.com\/v4\/wp-json\/wp\/v2\/posts\/2271","targetHints":{"allow":["GET"]}}],"collection":[{"href":"https:\/\/smorasstats.com\/v4\/wp-json\/wp\/v2\/posts"}],"about":[{"href":"https:\/\/smorasstats.com\/v4\/wp-json\/wp\/v2\/types\/post"}],"author":[{"embeddable":true,"href":"https:\/\/smorasstats.com\/v4\/wp-json\/wp\/v2\/users\/1"}],"replies":[{"embeddable":true,"href":"https:\/\/smorasstats.com\/v4\/wp-json\/wp\/v2\/comments?post=2271"}],"version-history":[{"count":1,"href":"https:\/\/smorasstats.com\/v4\/wp-json\/wp\/v2\/posts\/2271\/revisions"}],"predecessor-version":[{"id":2274,"href":"https:\/\/smorasstats.com\/v4\/wp-json\/wp\/v2\/posts\/2271\/revisions\/2274"}],"wp:featuredmedia":[{"embeddable":true,"href":"https:\/\/smorasstats.com\/v4\/wp-json\/wp\/v2\/media\/2273"}],"wp:attachment":[{"href":"https:\/\/smorasstats.com\/v4\/wp-json\/wp\/v2\/media?parent=2271"}],"wp:term":[{"taxonomy":"category","embeddable":true,"href":"https:\/\/smorasstats.com\/v4\/wp-json\/wp\/v2\/categories?post=2271"},{"taxonomy":"post_tag","embeddable":true,"href":"https:\/\/smorasstats.com\/v4\/wp-json\/wp\/v2\/tags?post=2271"}],"curies":[{"name":"wp","href":"https:\/\/api.w.org\/{rel}","templated":true}]}}